{"id":1022,"date":"2016-09-02T18:17:46","date_gmt":"2016-09-02T21:17:46","guid":{"rendered":"http:\/\/www.bentoquirino.com.br\/novo\/?p=1022"},"modified":"2016-12-05T17:17:18","modified_gmt":"2016-12-05T19:17:18","slug":"alunos-visitam-a-bienal-internacional-do-livro","status":"publish","type":"post","link":"https:\/\/www.bentoquirino.com.br\/novo\/noticias\/visitas-tecnicas\/alunos-visitam-a-bienal-internacional-do-livro\/","title":{"rendered":"Alunos visitam a Bienal Internacional do Livro"},"content":{"rendered":"<p><img fetchpriority=\"high\" decoding=\"async\" class=\"alignnone size-medium wp-image-1023\" src=\"https:\/\/www.bentoquirino.com.br\/novo\/wp-content\/uploads\/2016\/12\/bienal-300x265.jpg\" alt=\"bienal\" width=\"300\" height=\"265\" \/><\/p>\n<p>Promovendo cada vez mais atividades diferenciadas dentro do aspecto pedag\u00f3gico, alunos de diversos anos e cursos t\u00e9cnicos do Col\u00e9gio Bento Quirino participaram este ano da\u00a024\u00aa Bienal Internacional do Livro. Intera\u00e7\u00e3o, aprendizado, novidades e muita alegria marcaram a visita t\u00e9cnica promovida por professores da institui\u00e7\u00e3o. Uma recente pesquisa divulgou que apenas 53% da popula\u00e7\u00e3o brasileira tem o h\u00e1bito da leitura, entretanto, para alguns alunos, a presen\u00e7a no evento despertou ainda mais a vontade pelos livros! Parab\u00e9ns aos organizadores!<\/p>\n","protected":false},"excerpt":{"rendered":"<p>Promovendo cada vez mais atividades diferenciadas dentro do aspecto pedag\u00f3gico, alunos de diversos anos e cursos t\u00e9cnicos do Col\u00e9gio Bento Quirino participaram este ano da\u00a024\u00aa Bienal Internacional do Livro. Intera\u00e7\u00e3o, aprendizado, novidades e muita alegria marcaram a visita t\u00e9cnica promovida por professores da institui\u00e7\u00e3o. Uma recente pesquisa divulgou que apenas 53% da popula\u00e7\u00e3o brasileira tem &hellip; <a href=\"https:\/\/www.bentoquirino.com.br\/novo\/noticias\/visitas-tecnicas\/alunos-visitam-a-bienal-internacional-do-livro\/\" class=\"more-link\">Continue reading<span class=\"screen-reader-text\"> &#8220;Alunos visitam a Bienal Internacional do Livro&#8221;<\/span><\/a><\/p>\n","protected":false},"author":24,"featured_media":1023,"comment_status":"open","ping_status":"open","sticky":false,"template":"","format":"standard","meta":{"_acf_changed":false,"inline_featured_image":false,"footnotes":""},"categories":[20],"tags":[],"class_list":["post-1022","post","type-post","status-publish","format-standard","has-post-thumbnail","hentry","category-visitas-tecnicas"],"acf":[],"_links":{"self":[{"href":"https:\/\/www.bentoquirino.com.br\/novo\/wp-json\/wp\/v2\/posts\/1022","targetHints":{"allow":["GET"]}}],"collection":[{"href":"https:\/\/www.bentoquirino.com.br\/novo\/wp-json\/wp\/v2\/posts"}],"about":[{"href":"https:\/\/www.bentoquirino.com.br\/novo\/wp-json\/wp\/v2\/types\/post"}],"author":[{"embeddable":true,"href":"https:\/\/www.bentoquirino.com.br\/novo\/wp-json\/wp\/v2\/users\/24"}],"replies":[{"embeddable":true,"href":"https:\/\/www.bentoquirino.com.br\/novo\/wp-json\/wp\/v2\/comments?post=1022"}],"version-history":[{"count":1,"href":"https:\/\/www.bentoquirino.com.br\/novo\/wp-json\/wp\/v2\/posts\/1022\/revisions"}],"predecessor-version":[{"id":1024,"href":"https:\/\/www.bentoquirino.com.br\/novo\/wp-json\/wp\/v2\/posts\/1022\/revisions\/1024"}],"wp:featuredmedia":[{"embeddable":true,"href":"https:\/\/www.bentoquirino.com.br\/novo\/wp-json\/wp\/v2\/media\/1023"}],"wp:attachment":[{"href":"https:\/\/www.bentoquirino.com.br\/novo\/wp-json\/wp\/v2\/media?parent=1022"}],"wp:term":[{"taxonomy":"category","embeddable":true,"href":"https:\/\/www.bentoquirino.com.br\/novo\/wp-json\/wp\/v2\/categories?post=1022"},{"taxonomy":"post_tag","embeddable":true,"href":"https:\/\/www.bentoquirino.com.br\/novo\/wp-json\/wp\/v2\/tags?post=1022"}],"curies":[{"name":"wp","href":"https:\/\/api.w.org\/{rel}","templated":true}]}}