{"id":1855,"date":"2017-03-31T14:00:02","date_gmt":"2017-03-31T17:00:02","guid":{"rendered":"http:\/\/www.bentoquirino.com.br\/novo\/?p=1855"},"modified":"2017-04-01T13:13:02","modified_gmt":"2017-04-01T16:13:02","slug":"reuniao-com-os-pais","status":"publish","type":"post","link":"https:\/\/www.bentoquirino.com.br\/novo\/noticias\/sala-de-imprensa\/reuniao-com-os-pais\/","title":{"rendered":"Reuni\u00e3o com os Pais"},"content":{"rendered":"<p>A primeira reuni\u00e3o entre pais e o col\u00e9gio \u00e9 uma \u00f3tima oportunidade para iniciar uma parceria de um ano inteiro em torno do mesmo objetivo: levar adolescentes a aprender e de se envolver cada vez mais com toda a institui\u00e7\u00e3o. \u00c9 o momento de despertar na fam\u00edlia o interesse em participar da vida escolar dos filhos. No m\u00eas de mar\u00e7o, uma primeira reuni\u00e3o foi realizada nas depend\u00eancias do col\u00e9gio com a presen\u00e7a de pais e respons\u00e1veis dos alunos do 1\u00ba ano. Para a ocasi\u00e3o, todo o corpo pedag\u00f3gico e coordenadores de curso se apresentaram e sanaram todas as d\u00favidas dos presentes. A reuni\u00e3o foi proveitosa e surtiu o efeito desejado, al\u00e9m \u00e9 claro, de uma expressiva participa\u00e7\u00e3o dos respons\u00e1veis, apontou a dire\u00e7\u00e3o.<img fetchpriority=\"high\" decoding=\"async\" class=\"alignnone size-medium wp-image-1856\" src=\"https:\/\/www.bentoquirino.com.br\/novo\/wp-content\/uploads\/2017\/03\/Reuni\u00e3o-de-Pais-300x225.png\" alt=\"Reuni\u00e3o de Pais\" width=\"300\" height=\"225\" \/><\/p>\n<p>&nbsp;<\/p>\n","protected":false},"excerpt":{"rendered":"<p>A primeira reuni\u00e3o entre pais e o col\u00e9gio \u00e9 uma \u00f3tima oportunidade para iniciar uma parceria de um ano inteiro em torno do mesmo objetivo: levar adolescentes a aprender e de se envolver cada vez mais com toda a institui\u00e7\u00e3o. \u00c9 o momento de despertar na fam\u00edlia o interesse em participar da vida escolar dos &hellip; <a href=\"https:\/\/www.bentoquirino.com.br\/novo\/noticias\/sala-de-imprensa\/reuniao-com-os-pais\/\" class=\"more-link\">Continue reading<span class=\"screen-reader-text\"> &#8220;Reuni\u00e3o com os Pais&#8221;<\/span><\/a><\/p>\n","protected":false},"author":24,"featured_media":1856,"comment_status":"open","ping_status":"open","sticky":false,"template":"","format":"standard","meta":{"_acf_changed":false,"inline_featured_image":false,"footnotes":""},"categories":[17],"tags":[],"class_list":["post-1855","post","type-post","status-publish","format-standard","has-post-thumbnail","hentry","category-sala-de-imprensa"],"acf":[],"_links":{"self":[{"href":"https:\/\/www.bentoquirino.com.br\/novo\/wp-json\/wp\/v2\/posts\/1855","targetHints":{"allow":["GET"]}}],"collection":[{"href":"https:\/\/www.bentoquirino.com.br\/novo\/wp-json\/wp\/v2\/posts"}],"about":[{"href":"https:\/\/www.bentoquirino.com.br\/novo\/wp-json\/wp\/v2\/types\/post"}],"author":[{"embeddable":true,"href":"https:\/\/www.bentoquirino.com.br\/novo\/wp-json\/wp\/v2\/users\/24"}],"replies":[{"embeddable":true,"href":"https:\/\/www.bentoquirino.com.br\/novo\/wp-json\/wp\/v2\/comments?post=1855"}],"version-history":[{"count":2,"href":"https:\/\/www.bentoquirino.com.br\/novo\/wp-json\/wp\/v2\/posts\/1855\/revisions"}],"predecessor-version":[{"id":1882,"href":"https:\/\/www.bentoquirino.com.br\/novo\/wp-json\/wp\/v2\/posts\/1855\/revisions\/1882"}],"wp:featuredmedia":[{"embeddable":true,"href":"https:\/\/www.bentoquirino.com.br\/novo\/wp-json\/wp\/v2\/media\/1856"}],"wp:attachment":[{"href":"https:\/\/www.bentoquirino.com.br\/novo\/wp-json\/wp\/v2\/media?parent=1855"}],"wp:term":[{"taxonomy":"category","embeddable":true,"href":"https:\/\/www.bentoquirino.com.br\/novo\/wp-json\/wp\/v2\/categories?post=1855"},{"taxonomy":"post_tag","embeddable":true,"href":"https:\/\/www.bentoquirino.com.br\/novo\/wp-json\/wp\/v2\/tags?post=1855"}],"curies":[{"name":"wp","href":"https:\/\/api.w.org\/{rel}","templated":true}]}}