{"id":29050,"date":"2019-05-08T14:47:26","date_gmt":"2019-05-08T17:47:26","guid":{"rendered":"http:\/\/www.bentoquirino.com.br\/novo\/?p=29050"},"modified":"2019-10-10T17:59:04","modified_gmt":"2019-10-10T20:59:04","slug":"campanha-de-vacinacao","status":"publish","type":"post","link":"https:\/\/www.bentoquirino.com.br\/novo\/noticias\/projetos\/campanha-de-vacinacao\/","title":{"rendered":"Campanha de Vacina\u00e7\u00e3o"},"content":{"rendered":"<p>Os alunos do curso t\u00e9cnico de Enfermagem, do Bentinho, participaram de uma importante campanha: a de Vacina\u00e7\u00e3o contra Influenza (gripe). A a\u00e7\u00e3o, sob o aval da Secretaria Municipal de Sa\u00fade de Campinas, aconteceu na Unidade B\u00e1sica de Sa\u00fade do Parque Figueira, em Campinas, e contou com a supervis\u00e3o da professora do curso, Andreia Graciano. Os estudantes, que cursam o 3\u00ba m\u00f3dulo, cuidaram desde o in\u00edc<span class=\"text_exposed_show\">io do processo, como cadastro, orienta\u00e7\u00e3o, cuidados, acompanhamento e a pr\u00f3pria vacina\u00e7\u00e3o de adultos que procuram a unidade. \u201cOs estudantes tamb\u00e9m esclareceram d\u00favidas, como forma de reafirmar os conhecimentos de sala de aula e para n\u00f3s, professores, foi essencial a participa\u00e7\u00e3o dos futuros T\u00e9cnicos em Enfermagem na pr\u00e1tica e tamb\u00e9m na conscientiza\u00e7\u00e3o da import\u00e2ncia da vacina\u00e7\u00e3o para a popula\u00e7\u00e3o\u201d, disse a docente.<\/span><\/p>\n\n\n<figure class=\"wp-block-image\"><img fetchpriority=\"high\" decoding=\"async\" width=\"960\" height=\"960\" src=\"https:\/\/www.bentoquirino.com.br\/novo\/wp-content\/uploads\/2019\/10\/59301242_2444230898961204_1102517237299806208_n.jpg\" alt=\"\" class=\"wp-image-37212\"\/><\/figure>\n","protected":false},"excerpt":{"rendered":"<p>Os alunos do curso t\u00e9cnico de Enfermagem, do Bentinho, participaram de uma importante campanha: a de Vacina\u00e7\u00e3o contra Influenza (gripe). A a\u00e7\u00e3o, sob o aval da Secretaria Municipal de Sa\u00fade de Campinas, aconteceu na Unidade B\u00e1sica de Sa\u00fade do Parque Figueira, em Campinas, e contou com a supervis\u00e3o da professora do curso, Andreia Graciano. Os &hellip; <a href=\"https:\/\/www.bentoquirino.com.br\/novo\/noticias\/projetos\/campanha-de-vacinacao\/\" class=\"more-link\">Continue reading<span class=\"screen-reader-text\"> &#8220;Campanha de Vacina\u00e7\u00e3o&#8221;<\/span><\/a><\/p>\n","protected":false},"author":24,"featured_media":37212,"comment_status":"open","ping_status":"open","sticky":false,"template":"","format":"standard","meta":{"_acf_changed":false,"inline_featured_image":false,"footnotes":""},"categories":[14],"tags":[],"class_list":["post-29050","post","type-post","status-publish","format-standard","has-post-thumbnail","hentry","category-projetos"],"acf":[],"_links":{"self":[{"href":"https:\/\/www.bentoquirino.com.br\/novo\/wp-json\/wp\/v2\/posts\/29050","targetHints":{"allow":["GET"]}}],"collection":[{"href":"https:\/\/www.bentoquirino.com.br\/novo\/wp-json\/wp\/v2\/posts"}],"about":[{"href":"https:\/\/www.bentoquirino.com.br\/novo\/wp-json\/wp\/v2\/types\/post"}],"author":[{"embeddable":true,"href":"https:\/\/www.bentoquirino.com.br\/novo\/wp-json\/wp\/v2\/users\/24"}],"replies":[{"embeddable":true,"href":"https:\/\/www.bentoquirino.com.br\/novo\/wp-json\/wp\/v2\/comments?post=29050"}],"version-history":[{"count":2,"href":"https:\/\/www.bentoquirino.com.br\/novo\/wp-json\/wp\/v2\/posts\/29050\/revisions"}],"predecessor-version":[{"id":37213,"href":"https:\/\/www.bentoquirino.com.br\/novo\/wp-json\/wp\/v2\/posts\/29050\/revisions\/37213"}],"wp:featuredmedia":[{"embeddable":true,"href":"https:\/\/www.bentoquirino.com.br\/novo\/wp-json\/wp\/v2\/media\/37212"}],"wp:attachment":[{"href":"https:\/\/www.bentoquirino.com.br\/novo\/wp-json\/wp\/v2\/media?parent=29050"}],"wp:term":[{"taxonomy":"category","embeddable":true,"href":"https:\/\/www.bentoquirino.com.br\/novo\/wp-json\/wp\/v2\/categories?post=29050"},{"taxonomy":"post_tag","embeddable":true,"href":"https:\/\/www.bentoquirino.com.br\/novo\/wp-json\/wp\/v2\/tags?post=29050"}],"curies":[{"name":"wp","href":"https:\/\/api.w.org\/{rel}","templated":true}]}}