{"id":3714,"date":"2017-06-22T12:59:15","date_gmt":"2017-06-22T15:59:15","guid":{"rendered":"http:\/\/www.bentoquirino.com.br\/novo\/?p=3714"},"modified":"2017-06-22T12:59:15","modified_gmt":"2017-06-22T15:59:15","slug":"visita-ao-memorial-da-america-latina-e-castelo-ra-tim-bum","status":"publish","type":"post","link":"https:\/\/www.bentoquirino.com.br\/novo\/noticias\/visitas-tecnicas\/visita-ao-memorial-da-america-latina-e-castelo-ra-tim-bum\/","title":{"rendered":"Visita ao Memorial da Am\u00e9rica Latina e Castelo R\u00e1-Tim-Bum"},"content":{"rendered":"<p>Estudantes do curso t\u00e9cnico de Publicidade do Col\u00e9gio Bento Quirino estiveram recentemente visitando o Memorial da Am\u00e9rica Latina, em S\u00e3o Paulo, al\u00e9m de passarem pelo Sal\u00e3o da Criatividade e tamb\u00e9m pelo famoso e nost\u00e1lgico Castelo R\u00e1-Tim-Bum. Conduzidos pelos professores Cristiane Bianchi e Cl\u00e1udio Lima, os alunos do 1\u00ba, 2\u00ba e 3\u00ba ano se encantaram com a imensa exposi\u00e7\u00e3o da hist\u00f3ria da arte de pa\u00edses e povos da Am\u00e9rica Latina, al\u00e9m, \u00e9 claro, de conhecer um pouco dos bastidores, hist\u00f3ria dos personagens, enredo e cen\u00e1rio deste que foi um dos principais programas produzido e exibido pela TV Cultura de 1994 a 1997. Com 90 epis\u00f3dios, a s\u00e9rie Castelo R\u00e1-Tim-Bum marcou a programa\u00e7\u00e3o infantil da televis\u00e3o brasileira. A viagem, segundo os pr\u00f3prios alunos foi prazerosa e divertida!<\/p>\n<p><img fetchpriority=\"high\" decoding=\"async\" class=\"alignnone size-medium wp-image-3715\" src=\"https:\/\/www.bentoquirino.com.br\/novo\/wp-content\/uploads\/2017\/06\/PP-Castelo-300x225.png\" alt=\"PP Castelo\" width=\"300\" height=\"225\" \/><\/p>\n","protected":false},"excerpt":{"rendered":"<p>Estudantes do curso t\u00e9cnico de Publicidade do Col\u00e9gio Bento Quirino estiveram recentemente visitando o Memorial da Am\u00e9rica Latina, em S\u00e3o Paulo, al\u00e9m de passarem pelo Sal\u00e3o da Criatividade e tamb\u00e9m pelo famoso e nost\u00e1lgico Castelo R\u00e1-Tim-Bum. Conduzidos pelos professores Cristiane Bianchi e Cl\u00e1udio Lima, os alunos do 1\u00ba, 2\u00ba e 3\u00ba ano se encantaram com &hellip; <a href=\"https:\/\/www.bentoquirino.com.br\/novo\/noticias\/visitas-tecnicas\/visita-ao-memorial-da-america-latina-e-castelo-ra-tim-bum\/\" class=\"more-link\">Continue reading<span class=\"screen-reader-text\"> &#8220;Visita ao Memorial da Am\u00e9rica Latina e Castelo R\u00e1-Tim-Bum&#8221;<\/span><\/a><\/p>\n","protected":false},"author":24,"featured_media":3715,"comment_status":"open","ping_status":"open","sticky":false,"template":"","format":"standard","meta":{"_acf_changed":false,"inline_featured_image":false,"footnotes":""},"categories":[20],"tags":[],"class_list":["post-3714","post","type-post","status-publish","format-standard","has-post-thumbnail","hentry","category-visitas-tecnicas"],"acf":[],"_links":{"self":[{"href":"https:\/\/www.bentoquirino.com.br\/novo\/wp-json\/wp\/v2\/posts\/3714","targetHints":{"allow":["GET"]}}],"collection":[{"href":"https:\/\/www.bentoquirino.com.br\/novo\/wp-json\/wp\/v2\/posts"}],"about":[{"href":"https:\/\/www.bentoquirino.com.br\/novo\/wp-json\/wp\/v2\/types\/post"}],"author":[{"embeddable":true,"href":"https:\/\/www.bentoquirino.com.br\/novo\/wp-json\/wp\/v2\/users\/24"}],"replies":[{"embeddable":true,"href":"https:\/\/www.bentoquirino.com.br\/novo\/wp-json\/wp\/v2\/comments?post=3714"}],"version-history":[{"count":1,"href":"https:\/\/www.bentoquirino.com.br\/novo\/wp-json\/wp\/v2\/posts\/3714\/revisions"}],"predecessor-version":[{"id":3716,"href":"https:\/\/www.bentoquirino.com.br\/novo\/wp-json\/wp\/v2\/posts\/3714\/revisions\/3716"}],"wp:featuredmedia":[{"embeddable":true,"href":"https:\/\/www.bentoquirino.com.br\/novo\/wp-json\/wp\/v2\/media\/3715"}],"wp:attachment":[{"href":"https:\/\/www.bentoquirino.com.br\/novo\/wp-json\/wp\/v2\/media?parent=3714"}],"wp:term":[{"taxonomy":"category","embeddable":true,"href":"https:\/\/www.bentoquirino.com.br\/novo\/wp-json\/wp\/v2\/categories?post=3714"},{"taxonomy":"post_tag","embeddable":true,"href":"https:\/\/www.bentoquirino.com.br\/novo\/wp-json\/wp\/v2\/tags?post=3714"}],"curies":[{"name":"wp","href":"https:\/\/api.w.org\/{rel}","templated":true}]}}