{"id":40796,"date":"2020-03-17T10:10:24","date_gmt":"2020-03-17T13:10:24","guid":{"rendered":"http:\/\/www.bentoquirino.com.br\/novo\/?p=40796"},"modified":"2020-03-17T10:10:49","modified_gmt":"2020-03-17T13:10:49","slug":"dia-da-mulher-2","status":"publish","type":"post","link":"https:\/\/www.bentoquirino.com.br\/novo\/noticias\/eventos\/dia-da-mulher-2\/","title":{"rendered":"Dia da Mulher"},"content":{"rendered":"\n<figure class=\"wp-block-image\"><img fetchpriority=\"high\" decoding=\"async\" width=\"1024\" height=\"1024\" src=\"https:\/\/www.bentoquirino.com.br\/novo\/wp-content\/uploads\/2020\/03\/Dia-da-Mulher-1024x1024.jpg\" alt=\"\" class=\"wp-image-40797\"\/><\/figure>\n\n\n\n<p>\n\nO M\u00eas da Mulher come\u00e7ou especial no Bentinho! Juntamente com a Faculdade IPEP, a\u00e7\u00f5es pedag\u00f3gicas e tamb\u00e9m de beleza foram programadas para celebrar esta data t\u00e3o significativa. Na \u00faltima sexta-feira, dia 06, profissionais da beleza estiveram no RCC (Relacionamento com a Comunidade) acolhendo e tornando o dia mais especial das colaboradoras de ambas institui\u00e7\u00f5es. Para o dia foi proporcionado relaxamento, maquiagem, cuidados com a pele, dicas de beleza e muito mais! Parab\u00e9ns a todos os envolvidos com a a\u00e7\u00e3o e todas as mulheres pelo Dia Internacional da Mulher.\n\n<\/p>\n","protected":false},"excerpt":{"rendered":"<p>O M\u00eas da Mulher come\u00e7ou especial no Bentinho! Juntamente com a Faculdade IPEP, a\u00e7\u00f5es pedag\u00f3gicas e tamb\u00e9m de beleza foram programadas para celebrar esta data t\u00e3o significativa. Na \u00faltima sexta-feira, dia 06, profissionais da beleza estiveram no RCC (Relacionamento com a Comunidade) acolhendo e tornando o dia mais especial das colaboradoras de ambas institui\u00e7\u00f5es. Para &hellip; <a href=\"https:\/\/www.bentoquirino.com.br\/novo\/noticias\/eventos\/dia-da-mulher-2\/\" class=\"more-link\">Continue reading<span class=\"screen-reader-text\"> &#8220;Dia da Mulher&#8221;<\/span><\/a><\/p>\n","protected":false},"author":24,"featured_media":40797,"comment_status":"closed","ping_status":"closed","sticky":false,"template":"","format":"standard","meta":{"_acf_changed":false,"inline_featured_image":false,"footnotes":""},"categories":[13],"tags":[],"class_list":["post-40796","post","type-post","status-publish","format-standard","has-post-thumbnail","hentry","category-eventos"],"acf":[],"_links":{"self":[{"href":"https:\/\/www.bentoquirino.com.br\/novo\/wp-json\/wp\/v2\/posts\/40796","targetHints":{"allow":["GET"]}}],"collection":[{"href":"https:\/\/www.bentoquirino.com.br\/novo\/wp-json\/wp\/v2\/posts"}],"about":[{"href":"https:\/\/www.bentoquirino.com.br\/novo\/wp-json\/wp\/v2\/types\/post"}],"author":[{"embeddable":true,"href":"https:\/\/www.bentoquirino.com.br\/novo\/wp-json\/wp\/v2\/users\/24"}],"replies":[{"embeddable":true,"href":"https:\/\/www.bentoquirino.com.br\/novo\/wp-json\/wp\/v2\/comments?post=40796"}],"version-history":[{"count":1,"href":"https:\/\/www.bentoquirino.com.br\/novo\/wp-json\/wp\/v2\/posts\/40796\/revisions"}],"predecessor-version":[{"id":40798,"href":"https:\/\/www.bentoquirino.com.br\/novo\/wp-json\/wp\/v2\/posts\/40796\/revisions\/40798"}],"wp:featuredmedia":[{"embeddable":true,"href":"https:\/\/www.bentoquirino.com.br\/novo\/wp-json\/wp\/v2\/media\/40797"}],"wp:attachment":[{"href":"https:\/\/www.bentoquirino.com.br\/novo\/wp-json\/wp\/v2\/media?parent=40796"}],"wp:term":[{"taxonomy":"category","embeddable":true,"href":"https:\/\/www.bentoquirino.com.br\/novo\/wp-json\/wp\/v2\/categories?post=40796"},{"taxonomy":"post_tag","embeddable":true,"href":"https:\/\/www.bentoquirino.com.br\/novo\/wp-json\/wp\/v2\/tags?post=40796"}],"curies":[{"name":"wp","href":"https:\/\/api.w.org\/{rel}","templated":true}]}}