{"id":421,"date":"2016-06-06T19:22:22","date_gmt":"2016-06-06T22:22:22","guid":{"rendered":"http:\/\/www.bentoquirino.com.br\/bentoquirino_wp\/?p=421"},"modified":"2016-12-03T16:43:52","modified_gmt":"2016-12-03T18:43:52","slug":"semana-da-construcao-civil","status":"publish","type":"post","link":"https:\/\/www.bentoquirino.com.br\/novo\/noticias\/sala-de-imprensa\/semana-da-construcao-civil\/","title":{"rendered":"Semana da Constru\u00e7\u00e3o Civil"},"content":{"rendered":"<p style=\"text-align: justify;\">Em Junho, no Col\u00e9gio Polit\u00e9cnico Bento Quirino, ocorreu a tradicional Semana da Constru\u00e7\u00e3o Civil, dos cursos t\u00e9cnicos de Edifica\u00e7\u00f5es e Design de Interiores. O evento ofereceu importantes palestras e oficinas pr\u00e1ticas sobre o que tem de novo no mercado da constru\u00e7\u00e3o civil, al\u00e9m de proporcionar um contato profissional com pessoas experientes e ligadas \u00e0 \u00e1rea que atuam no mercado de trabalho. Para o coordenador dos cursos, professor Tiago Esteves, os alunos puderam\u00a0desfrutar de um conte\u00fado diferenciado, atualizado e, acima de tudo, complementar \u00e0s disciplinas vistas at\u00e9 o momento, explicou o docente.<\/p>\n<p style=\"text-align: center;\"><img fetchpriority=\"high\" decoding=\"async\" class=\"alignnone wp-image-423 size-full\" src=\"https:\/\/www.bentoquirino.com.br\/novo\/wp-content\/uploads\/2016\/09\/semana-da-contrucao.jpg\" alt=\"semana-da-contrucao\" width=\"394\" height=\"563\" \/><\/p>\n","protected":false},"excerpt":{"rendered":"<p>Em Junho, no Col\u00e9gio Polit\u00e9cnico Bento Quirino, ocorreu a tradicional Semana da Constru\u00e7\u00e3o Civil, dos cursos t\u00e9cnicos de Edifica\u00e7\u00f5es e Design de Interiores. O evento ofereceu importantes palestras e oficinas pr\u00e1ticas sobre o que tem de novo no mercado da constru\u00e7\u00e3o civil, al\u00e9m de proporcionar um contato profissional com pessoas experientes e ligadas \u00e0 \u00e1rea &hellip; <a href=\"https:\/\/www.bentoquirino.com.br\/novo\/noticias\/sala-de-imprensa\/semana-da-construcao-civil\/\" class=\"more-link\">Continue reading<span class=\"screen-reader-text\"> &#8220;Semana da Constru\u00e7\u00e3o Civil&#8221;<\/span><\/a><\/p>\n","protected":false},"author":24,"featured_media":423,"comment_status":"closed","ping_status":"closed","sticky":false,"template":"","format":"standard","meta":{"_acf_changed":false,"inline_featured_image":false,"footnotes":""},"categories":[17],"tags":[],"class_list":["post-421","post","type-post","status-publish","format-standard","has-post-thumbnail","hentry","category-sala-de-imprensa"],"acf":[],"_links":{"self":[{"href":"https:\/\/www.bentoquirino.com.br\/novo\/wp-json\/wp\/v2\/posts\/421","targetHints":{"allow":["GET"]}}],"collection":[{"href":"https:\/\/www.bentoquirino.com.br\/novo\/wp-json\/wp\/v2\/posts"}],"about":[{"href":"https:\/\/www.bentoquirino.com.br\/novo\/wp-json\/wp\/v2\/types\/post"}],"author":[{"embeddable":true,"href":"https:\/\/www.bentoquirino.com.br\/novo\/wp-json\/wp\/v2\/users\/24"}],"replies":[{"embeddable":true,"href":"https:\/\/www.bentoquirino.com.br\/novo\/wp-json\/wp\/v2\/comments?post=421"}],"version-history":[{"count":4,"href":"https:\/\/www.bentoquirino.com.br\/novo\/wp-json\/wp\/v2\/posts\/421\/revisions"}],"predecessor-version":[{"id":978,"href":"https:\/\/www.bentoquirino.com.br\/novo\/wp-json\/wp\/v2\/posts\/421\/revisions\/978"}],"wp:featuredmedia":[{"embeddable":true,"href":"https:\/\/www.bentoquirino.com.br\/novo\/wp-json\/wp\/v2\/media\/423"}],"wp:attachment":[{"href":"https:\/\/www.bentoquirino.com.br\/novo\/wp-json\/wp\/v2\/media?parent=421"}],"wp:term":[{"taxonomy":"category","embeddable":true,"href":"https:\/\/www.bentoquirino.com.br\/novo\/wp-json\/wp\/v2\/categories?post=421"},{"taxonomy":"post_tag","embeddable":true,"href":"https:\/\/www.bentoquirino.com.br\/novo\/wp-json\/wp\/v2\/tags?post=421"}],"curies":[{"name":"wp","href":"https:\/\/api.w.org\/{rel}","templated":true}]}}