{"id":428,"date":"2016-06-06T21:15:09","date_gmt":"2016-06-07T00:15:09","guid":{"rendered":"http:\/\/www.bentoquirino.com.br\/bentoquirino_wp\/?p=428"},"modified":"2016-12-03T16:42:47","modified_gmt":"2016-12-03T18:42:47","slug":"site-sustentavel","status":"publish","type":"post","link":"https:\/\/www.bentoquirino.com.br\/novo\/noticias\/projetos\/site-sustentavel\/","title":{"rendered":"Site Sustent\u00e1vel"},"content":{"rendered":"<p style=\"text-align: justify;\">Em\u00a0Junho, alunos, professores e funcion\u00e1rios do Col\u00e9gio Polit\u00e9cnico Bento Quirino t\u00eam vivenciaram a Semana do Meio Ambiente, apresentando trabalhos e projetos excelentes, nas suas mais diversas modalidades. O curso de Inform\u00e1tica, por exemplo, desenvolveu um site (www.bentoquirinosustentavel.ml) especialmente para o col\u00e9gio e em prol do Meio Ambiente que, a partir de agora, ser\u00e1 destinado \u00e0s not\u00edcias relacionadas ao tema. Isso vem mostrar que o Bento Quirino n\u00e3o s\u00f3 celebra uma data, mas coloca em pr\u00e1tica a\u00e7\u00f5es que contribuem com a prote\u00e7\u00e3o de nosso planeta! Parab\u00e9ns aos estudantes de inform\u00e1tica (Gabriel Doimo, Michael Yansen e Rhilari Moreno) e aos docentes pela orienta\u00e7\u00e3o!<br \/>\nPara acessar o site,<a href=\"http:\/\/www.bentoquirinosustentavel.ml\/\" target=\"_blank\"> http:\/\/www.bentoquirinosustentavel.ml\/<\/a><\/p>\n<p style=\"text-align: center;\"><img fetchpriority=\"high\" decoding=\"async\" class=\"aligncenter wp-image-430 size-full\" src=\"https:\/\/www.bentoquirino.com.br\/novo\/wp-content\/uploads\/2016\/09\/site-sustentavel.jpg\" alt=\"site-sustentavel\" width=\"394\" height=\"348\" \/><\/p>\n","protected":false},"excerpt":{"rendered":"<p>Em\u00a0Junho, alunos, professores e funcion\u00e1rios do Col\u00e9gio Polit\u00e9cnico Bento Quirino t\u00eam vivenciaram a Semana do Meio Ambiente, apresentando trabalhos e projetos excelentes, nas suas mais diversas modalidades. O curso de Inform\u00e1tica, por exemplo, desenvolveu um site (www.bentoquirinosustentavel.ml) especialmente para o col\u00e9gio e em prol do Meio Ambiente que, a partir de agora, ser\u00e1 destinado \u00e0s &hellip; <a href=\"https:\/\/www.bentoquirino.com.br\/novo\/noticias\/projetos\/site-sustentavel\/\" class=\"more-link\">Continue reading<span class=\"screen-reader-text\"> &#8220;Site Sustent\u00e1vel&#8221;<\/span><\/a><\/p>\n","protected":false},"author":24,"featured_media":429,"comment_status":"closed","ping_status":"closed","sticky":false,"template":"","format":"standard","meta":{"_acf_changed":false,"inline_featured_image":false,"footnotes":""},"categories":[14],"tags":[],"class_list":["post-428","post","type-post","status-publish","format-standard","has-post-thumbnail","hentry","category-projetos"],"acf":[],"_links":{"self":[{"href":"https:\/\/www.bentoquirino.com.br\/novo\/wp-json\/wp\/v2\/posts\/428","targetHints":{"allow":["GET"]}}],"collection":[{"href":"https:\/\/www.bentoquirino.com.br\/novo\/wp-json\/wp\/v2\/posts"}],"about":[{"href":"https:\/\/www.bentoquirino.com.br\/novo\/wp-json\/wp\/v2\/types\/post"}],"author":[{"embeddable":true,"href":"https:\/\/www.bentoquirino.com.br\/novo\/wp-json\/wp\/v2\/users\/24"}],"replies":[{"embeddable":true,"href":"https:\/\/www.bentoquirino.com.br\/novo\/wp-json\/wp\/v2\/comments?post=428"}],"version-history":[{"count":4,"href":"https:\/\/www.bentoquirino.com.br\/novo\/wp-json\/wp\/v2\/posts\/428\/revisions"}],"predecessor-version":[{"id":981,"href":"https:\/\/www.bentoquirino.com.br\/novo\/wp-json\/wp\/v2\/posts\/428\/revisions\/981"}],"wp:featuredmedia":[{"embeddable":true,"href":"https:\/\/www.bentoquirino.com.br\/novo\/wp-json\/wp\/v2\/media\/429"}],"wp:attachment":[{"href":"https:\/\/www.bentoquirino.com.br\/novo\/wp-json\/wp\/v2\/media?parent=428"}],"wp:term":[{"taxonomy":"category","embeddable":true,"href":"https:\/\/www.bentoquirino.com.br\/novo\/wp-json\/wp\/v2\/categories?post=428"},{"taxonomy":"post_tag","embeddable":true,"href":"https:\/\/www.bentoquirino.com.br\/novo\/wp-json\/wp\/v2\/tags?post=428"}],"curies":[{"name":"wp","href":"https:\/\/api.w.org\/{rel}","templated":true}]}}