{"id":45547,"date":"2020-11-24T08:17:54","date_gmt":"2020-11-24T11:17:54","guid":{"rendered":"http:\/\/www.bentoquirino.com.br\/novo\/?p=45547"},"modified":"2020-11-24T08:18:19","modified_gmt":"2020-11-24T11:18:19","slug":"bentinho-ano-letivo","status":"publish","type":"post","link":"https:\/\/www.bentoquirino.com.br\/novo\/noticias\/eventos\/bentinho-ano-letivo\/","title":{"rendered":"Bentinho Ano Letivo"},"content":{"rendered":"\n<figure class=\"wp-block-image size-large\"><img fetchpriority=\"high\" decoding=\"async\" width=\"1024\" height=\"1024\" src=\"https:\/\/www.bentoquirino.com.br\/novo\/wp-content\/uploads\/2020\/11\/Bentinho-Ano-letivo-1-1024x1024.png\" alt=\"\" class=\"wp-image-45548\"\/><\/figure>\n\n\n\n<p>Os alunos do Col\u00e9gio T\u00e9cnico Bento Quirino, nas modalidades Fundamental II, M\u00e9dio e P\u00f3s-M\u00e9dio, n\u00e3o passaram um dia sem aulas durante a pandemia da Covid-19. Isso porque a institui\u00e7\u00e3o se planejou e instaurou tecnologias que facilitaram o ensino \u00e0 dist\u00e2ncia nesse per\u00edodo, como a utiliza\u00e7\u00e3o de uma plataforma espec\u00edfica, al\u00e9m \u00e9 claro, das diversas adequa\u00e7\u00f5es para o modelo online, informa\u00e7\u00f5es e tutoriais constantes sobre as ferramentas para os alunos. Desta forma, o ano letivo de 2020 em nosso Col\u00e9gio n\u00e3o foi perdido, tornando-nos uma das poucas institui\u00e7\u00f5es de ensino da regi\u00e3o de Campinas que rapidamente ofereceu todo o suporte educacional aos mais de 1.200 alunos. E 2021 vem com for\u00e7a total.<\/p>\n\n\n\n<p>Fa\u00e7a sua matr\u00edcula online agora mesmo!<br>eadbentoquirino.com.br\/ead\/matricula\/<\/p>\n","protected":false},"excerpt":{"rendered":"<p>Os alunos do Col\u00e9gio T\u00e9cnico Bento Quirino, nas modalidades Fundamental II, M\u00e9dio e P\u00f3s-M\u00e9dio, n\u00e3o passaram um dia sem aulas durante a pandemia da Covid-19. Isso porque a institui\u00e7\u00e3o se planejou e instaurou tecnologias que facilitaram o ensino \u00e0 dist\u00e2ncia nesse per\u00edodo, como a utiliza\u00e7\u00e3o de uma plataforma espec\u00edfica, al\u00e9m \u00e9 claro, das diversas adequa\u00e7\u00f5es &hellip; <a href=\"https:\/\/www.bentoquirino.com.br\/novo\/noticias\/eventos\/bentinho-ano-letivo\/\" class=\"more-link\">Continue reading<span class=\"screen-reader-text\"> &#8220;Bentinho Ano Letivo&#8221;<\/span><\/a><\/p>\n","protected":false},"author":24,"featured_media":45548,"comment_status":"closed","ping_status":"closed","sticky":false,"template":"","format":"standard","meta":{"_acf_changed":false,"inline_featured_image":false,"footnotes":""},"categories":[13],"tags":[],"class_list":["post-45547","post","type-post","status-publish","format-standard","has-post-thumbnail","hentry","category-eventos"],"acf":[],"_links":{"self":[{"href":"https:\/\/www.bentoquirino.com.br\/novo\/wp-json\/wp\/v2\/posts\/45547","targetHints":{"allow":["GET"]}}],"collection":[{"href":"https:\/\/www.bentoquirino.com.br\/novo\/wp-json\/wp\/v2\/posts"}],"about":[{"href":"https:\/\/www.bentoquirino.com.br\/novo\/wp-json\/wp\/v2\/types\/post"}],"author":[{"embeddable":true,"href":"https:\/\/www.bentoquirino.com.br\/novo\/wp-json\/wp\/v2\/users\/24"}],"replies":[{"embeddable":true,"href":"https:\/\/www.bentoquirino.com.br\/novo\/wp-json\/wp\/v2\/comments?post=45547"}],"version-history":[{"count":1,"href":"https:\/\/www.bentoquirino.com.br\/novo\/wp-json\/wp\/v2\/posts\/45547\/revisions"}],"predecessor-version":[{"id":45549,"href":"https:\/\/www.bentoquirino.com.br\/novo\/wp-json\/wp\/v2\/posts\/45547\/revisions\/45549"}],"wp:featuredmedia":[{"embeddable":true,"href":"https:\/\/www.bentoquirino.com.br\/novo\/wp-json\/wp\/v2\/media\/45548"}],"wp:attachment":[{"href":"https:\/\/www.bentoquirino.com.br\/novo\/wp-json\/wp\/v2\/media?parent=45547"}],"wp:term":[{"taxonomy":"category","embeddable":true,"href":"https:\/\/www.bentoquirino.com.br\/novo\/wp-json\/wp\/v2\/categories?post=45547"},{"taxonomy":"post_tag","embeddable":true,"href":"https:\/\/www.bentoquirino.com.br\/novo\/wp-json\/wp\/v2\/tags?post=45547"}],"curies":[{"name":"wp","href":"https:\/\/api.w.org\/{rel}","templated":true}]}}