{"id":58750,"date":"2022-09-13T13:43:01","date_gmt":"2022-09-13T16:43:01","guid":{"rendered":"http:\/\/www.bentoquirino.com.br\/novo\/?p=58750"},"modified":"2022-09-13T13:43:06","modified_gmt":"2022-09-13T16:43:06","slug":"workshop-de-administracao","status":"publish","type":"post","link":"https:\/\/www.bentoquirino.com.br\/novo\/noticias\/eventos\/workshop-de-administracao\/","title":{"rendered":"Workshop de Administra\u00e7\u00e3o"},"content":{"rendered":"\n<p>Para celebrar o Dia do Administrador, ocorrido no dia 09 de Setembro, professores do curso preparam uma manh\u00e3 de workshop com diversos profissionais especialmente convidados para o evento.<\/p>\n\n\n\n<p>O Analista de Desenvolvimento Operacional, Gustavo Izumita, conversou sobre a import\u00e2ncia das habilidades sociais na inser\u00e7\u00e3o no mercado de trabalho.<\/p>\n\n\n\n<p>J\u00e1 a Psic\u00f3loga Laudelina Guimar\u00e3es, compartilhou com os alunos seu conhecimento sobre sa\u00fade mental e habilidades emocionais.<\/p>\n\n\n\n<p>O evento contou tamb\u00e9m com a presen\u00e7a dos convidados, a professora e ex-coordenadora do curso, Sra. Lucimar Benito, os ex-alunos Aimee Sofia Dias, Amanda Risae, Dayane Gon\u00e7alves Piga, Luana Tola Mossato, Thalia Rufino, Pedro Henrique Marinelli e Fabiola Gomes, que partilharam sobre a import\u00e2ncia do curso t\u00e9cnico para seu ingresso no mercado de trabalho e na contribui\u00e7\u00e3o para o prosseguimento dos estudos na gradua\u00e7\u00e3o.<\/p>\n\n\n\n<p>Parab\u00e9ns \u00e0 Coordenadora Luciana Santana pela organiza\u00e7\u00e3o e a todos os envolvidos!<\/p>\n\n\n\n<p>Se interessa pela \u00e1rea de Administra\u00e7\u00e3o?<br>Fa\u00e7a sua inscri\u00e7\u00e3o no Concurso de Bolsa!<br>Inscreva-se: <a href=\"http:\/\/bentoquirino.com.br\/concurso2023\">bentoquirino.com.br\/concurso2023<\/a><\/p>\n\n\n\n<figure class=\"wp-block-image size-large\"><img fetchpriority=\"high\" decoding=\"async\" width=\"1024\" height=\"1024\" src=\"https:\/\/www.bentoquirino.com.br\/novo\/wp-content\/uploads\/2022\/09\/workshop-adm-1024x1024.png\" alt=\"\" class=\"wp-image-58751\"\/><\/figure>\n\n\n","protected":false},"excerpt":{"rendered":"<p>Para celebrar o Dia do Administrador, ocorrido no dia 09 de Setembro, professores do curso preparam uma manh\u00e3 de workshop com diversos profissionais especialmente convidados para o evento. O Analista de Desenvolvimento Operacional, Gustavo Izumita, conversou sobre a import\u00e2ncia das habilidades sociais na inser\u00e7\u00e3o no mercado de trabalho. J\u00e1 a Psic\u00f3loga Laudelina Guimar\u00e3es, compartilhou com &hellip; <a href=\"https:\/\/www.bentoquirino.com.br\/novo\/noticias\/eventos\/workshop-de-administracao\/\" class=\"more-link\">Continue reading<span class=\"screen-reader-text\"> &#8220;Workshop de Administra\u00e7\u00e3o&#8221;<\/span><\/a><\/p>\n","protected":false},"author":24,"featured_media":58752,"comment_status":"closed","ping_status":"closed","sticky":false,"template":"","format":"standard","meta":{"_acf_changed":false,"inline_featured_image":false,"footnotes":""},"categories":[13],"tags":[],"class_list":["post-58750","post","type-post","status-publish","format-standard","has-post-thumbnail","hentry","category-eventos"],"acf":[],"_links":{"self":[{"href":"https:\/\/www.bentoquirino.com.br\/novo\/wp-json\/wp\/v2\/posts\/58750","targetHints":{"allow":["GET"]}}],"collection":[{"href":"https:\/\/www.bentoquirino.com.br\/novo\/wp-json\/wp\/v2\/posts"}],"about":[{"href":"https:\/\/www.bentoquirino.com.br\/novo\/wp-json\/wp\/v2\/types\/post"}],"author":[{"embeddable":true,"href":"https:\/\/www.bentoquirino.com.br\/novo\/wp-json\/wp\/v2\/users\/24"}],"replies":[{"embeddable":true,"href":"https:\/\/www.bentoquirino.com.br\/novo\/wp-json\/wp\/v2\/comments?post=58750"}],"version-history":[{"count":1,"href":"https:\/\/www.bentoquirino.com.br\/novo\/wp-json\/wp\/v2\/posts\/58750\/revisions"}],"predecessor-version":[{"id":58753,"href":"https:\/\/www.bentoquirino.com.br\/novo\/wp-json\/wp\/v2\/posts\/58750\/revisions\/58753"}],"wp:featuredmedia":[{"embeddable":true,"href":"https:\/\/www.bentoquirino.com.br\/novo\/wp-json\/wp\/v2\/media\/58752"}],"wp:attachment":[{"href":"https:\/\/www.bentoquirino.com.br\/novo\/wp-json\/wp\/v2\/media?parent=58750"}],"wp:term":[{"taxonomy":"category","embeddable":true,"href":"https:\/\/www.bentoquirino.com.br\/novo\/wp-json\/wp\/v2\/categories?post=58750"},{"taxonomy":"post_tag","embeddable":true,"href":"https:\/\/www.bentoquirino.com.br\/novo\/wp-json\/wp\/v2\/tags?post=58750"}],"curies":[{"name":"wp","href":"https:\/\/api.w.org\/{rel}","templated":true}]}}