{"id":66952,"date":"2023-05-12T16:49:42","date_gmt":"2023-05-12T19:49:42","guid":{"rendered":"https:\/\/www.bentoquirino.com.br\/novo\/?p=66952"},"modified":"2023-05-12T16:49:45","modified_gmt":"2023-05-12T19:49:45","slug":"semana-da-saude-2","status":"publish","type":"post","link":"https:\/\/www.bentoquirino.com.br\/novo\/noticias\/eventos\/semana-da-saude-2\/","title":{"rendered":"Semana da Sa\u00fade"},"content":{"rendered":"\n<p>Aconteceu no Bentinho a Semana da Sa\u00fade, onde os Cursos T\u00e9cnicos de Enfermagem, Farm\u00e1cia, Biotecnologia e Nutri\u00e7\u00e3o presenciaram diversas palestras sobre suas respectivas \u00e1reas.<\/p>\n\n\n\n<p>Os alunos de Enfermagem puderam entender um pouco mais sobre a enfermagem na sa\u00fade p\u00fablica em uma importante conversa com Elaine Cristina de Assis Grecco. Al\u00e9m de participar de um proveitoso bate-papo com Gessvane Seno sobre a Unidade de Terapia Intensiva.<\/p>\n\n\n\n<p>J\u00e1 as turmas de Farm\u00e1cia e Biotecnologia receberam o Farmac\u00eautico Dr. Bruno Lima do Nascimento, que abordou o tema \u201cFarm\u00e1cia Industrial\u201d, conversando com nossos alunos sobre o universo da ind\u00fastria farmac\u00eautica e o papel dos farmac\u00eauticos nesse setor. Tamb\u00e9m convidamos Gilberto Quino dos J\u00fanior, que palestrou sobre a Farmacologia.<\/p>\n\n\n\n<p>Para os alunos de Nutri\u00e7\u00e3o, proporcionamos um bate-papo com o tema \u201cSa\u00fade e Nutri\u00e7\u00e3o\u201d, ministrado pela nutricionista e ex-aluna, Ligia Kelly de Moura Moreira, que contou sua jornada at\u00e9 se tornar uma profissional de sucesso.<\/p>\n\n\n\n<p>Obrigado pela participa\u00e7\u00e3o de todos e parab\u00e9ns aos envolvidos!<\/p>\n\n\n\n<figure class=\"wp-block-gallery has-nested-images columns-default is-cropped wp-block-gallery-1 is-layout-flex wp-block-gallery-is-layout-flex\">\n<figure class=\"wp-block-image size-large\"><img fetchpriority=\"high\" decoding=\"async\" width=\"1024\" height=\"1024\" data-id=\"66953\" src=\"https:\/\/www.bentoquirino.com.br\/novo\/wp-content\/uploads\/2023\/05\/SEMANA-DA-SAUDE-2023-1024x1024.png\" alt=\"\" class=\"wp-image-66953\"\/><\/figure>\n<\/figure>\n","protected":false},"excerpt":{"rendered":"<p>Aconteceu no Bentinho a Semana da Sa\u00fade, onde os Cursos T\u00e9cnicos de Enfermagem, Farm\u00e1cia, Biotecnologia e Nutri\u00e7\u00e3o presenciaram diversas palestras sobre suas respectivas \u00e1reas. Os alunos de Enfermagem puderam entender um pouco mais sobre a enfermagem na sa\u00fade p\u00fablica em uma importante conversa com Elaine Cristina de Assis Grecco. Al\u00e9m de participar de um proveitoso &hellip; <a href=\"https:\/\/www.bentoquirino.com.br\/novo\/noticias\/eventos\/semana-da-saude-2\/\" class=\"more-link\">Continue reading<span class=\"screen-reader-text\"> &#8220;Semana da Sa\u00fade&#8221;<\/span><\/a><\/p>\n","protected":false},"author":24,"featured_media":66953,"comment_status":"closed","ping_status":"closed","sticky":false,"template":"","format":"standard","meta":{"_acf_changed":false,"inline_featured_image":false,"footnotes":""},"categories":[13],"tags":[],"class_list":["post-66952","post","type-post","status-publish","format-standard","has-post-thumbnail","hentry","category-eventos"],"acf":[],"_links":{"self":[{"href":"https:\/\/www.bentoquirino.com.br\/novo\/wp-json\/wp\/v2\/posts\/66952","targetHints":{"allow":["GET"]}}],"collection":[{"href":"https:\/\/www.bentoquirino.com.br\/novo\/wp-json\/wp\/v2\/posts"}],"about":[{"href":"https:\/\/www.bentoquirino.com.br\/novo\/wp-json\/wp\/v2\/types\/post"}],"author":[{"embeddable":true,"href":"https:\/\/www.bentoquirino.com.br\/novo\/wp-json\/wp\/v2\/users\/24"}],"replies":[{"embeddable":true,"href":"https:\/\/www.bentoquirino.com.br\/novo\/wp-json\/wp\/v2\/comments?post=66952"}],"version-history":[{"count":1,"href":"https:\/\/www.bentoquirino.com.br\/novo\/wp-json\/wp\/v2\/posts\/66952\/revisions"}],"predecessor-version":[{"id":66954,"href":"https:\/\/www.bentoquirino.com.br\/novo\/wp-json\/wp\/v2\/posts\/66952\/revisions\/66954"}],"wp:featuredmedia":[{"embeddable":true,"href":"https:\/\/www.bentoquirino.com.br\/novo\/wp-json\/wp\/v2\/media\/66953"}],"wp:attachment":[{"href":"https:\/\/www.bentoquirino.com.br\/novo\/wp-json\/wp\/v2\/media?parent=66952"}],"wp:term":[{"taxonomy":"category","embeddable":true,"href":"https:\/\/www.bentoquirino.com.br\/novo\/wp-json\/wp\/v2\/categories?post=66952"},{"taxonomy":"post_tag","embeddable":true,"href":"https:\/\/www.bentoquirino.com.br\/novo\/wp-json\/wp\/v2\/tags?post=66952"}],"curies":[{"name":"wp","href":"https:\/\/api.w.org\/{rel}","templated":true}]}}